{"id":511,"date":"2026-01-20T14:31:26","date_gmt":"2026-01-20T11:31:26","guid":{"rendered":"https:\/\/tawhidarabi.org\/archives\/511"},"modified":"2026-01-20T14:38:08","modified_gmt":"2026-01-20T11:38:08","slug":"%d8%af-%d9%87%d8%b4%d8%a7%d9%85-%d8%a7%d9%84%d8%a3%d8%b9%d9%88%d8%b1%d8%b4%d9%85%d8%a7%d9%84-%d8%b4%d8%b1%d9%82-%d8%b3%d9%88%d8%b1%d9%8a%d8%a7-%d8%a8%d9%8a%d9%86-%d9%85%d9%86%d8%b7%d9%82-%d8%a7","status":"publish","type":"post","link":"https:\/\/tawhidarabi.org\/fr\/archives\/511","title":{"rendered":"Dr Hisham Al-Aawar : Le nord-est de la Syrie entre la logique de la fragmentation et la gestion du chaos : le retour de \u00ab Daech \u00bb comme sympt\u00f4me, non comme cause"},"content":{"rendered":"<article class=\"text-token-text-primary w-full focus:outline-none [--shadow-height:45px] has-data-writing-block:pointer-events-none has-data-writing-block:-mt-(--shadow-height) has-data-writing-block:pt-(--shadow-height) [&amp;:has([data-writing-block])&gt;*]:pointer-events-auto scroll-mt-[calc(var(--header-height)+min(200px,max(70px,20svh)))]\" dir=\"auto\" tabindex=\"-1\" data-turn-id=\"request-WEB:b8aaca5c-3cc2-4cea-ae46-60f1380c8576-1\" data-testid=\"conversation-turn-4\" data-scroll-anchor=\"false\" data-turn=\"assistant\">\n<div class=\"text-base my-auto mx-auto [--thread-content-margin:--spacing(4)] @w-sm\/main:[--thread-content-margin:--spacing(6)] @w-lg\/main:[--thread-content-margin:--spacing(16)] px-(--thread-content-margin)\">\n<div class=\"[--thread-content-max-width:40rem] @w-lg\/main:[--thread-content-max-width:48rem] mx-auto max-w-(--thread-content-max-width) flex-1 group\/turn-messages focus-visible:outline-hidden relative flex w-full min-w-0 flex-col agent-turn\" tabindex=\"-1\">\n<div class=\"flex max-w-full flex-col grow\">\n<div class=\"min-h-8 text-message relative flex w-full flex-col items-end gap-2 text-start break-words whitespace-normal [.text-message+&amp;]:mt-1\" dir=\"auto\" data-message-author-role=\"assistant\" data-message-id=\"157ad2c3-73f1-4be2-9227-9806e8b8602d\" data-message-model-slug=\"gpt-5-2\">\n<div class=\"flex w-full flex-col gap-1 empty:hidden first:pt-[1px]\">\n<div class=\"markdown prose dark:prose-invert w-full break-words light markdown-new-styling\">\n<p data-start=\"169\" data-end=\"789\">Les d\u00e9veloppements rapides dans le nord-est de la Syrie ne constituent plus une simple escalade s\u00e9curitaire passag\u00e8re ; ils traduisent d\u00e9sormais une transformation structurelle de l\u2019\u00e9quation du contr\u00f4le et de l\u2019influence, dans un contexte r\u00e9gional et international marqu\u00e9 par l\u2019absence de r\u00e9gulation et le recul des priorit\u00e9s. Depuis la fin de l\u2019ann\u00e9e 2024, et avec la chute de l\u2019ancien r\u00e9gime, la r\u00e9gion est entr\u00e9e dans une phase de forte fluidit\u00e9 strat\u00e9gique, o\u00f9 les conflits sont g\u00e9r\u00e9s non pas dans une logique de r\u00e8glement d\u00e9finitif, mais par l\u2019\u00e9puisement des adversaires et la reconfiguration forc\u00e9e des \u00e9quilibres.<\/p>\n<p data-start=\"791\" data-end=\"1306\">L\u2019affrontement actuel entre les Forces d\u00e9mocratiques syriennes (FDS) et l\u2019autorit\u00e9 de fait \u00e0 Damas ne peut \u00eatre interpr\u00e9t\u00e9 comme une confrontation militaire classique. Il s\u2019agit plut\u00f4t d\u2019un conflit portant sur la d\u00e9finition du pouvoir, les limites de la l\u00e9gitimit\u00e9 et la forme de l\u2019\u00c9tat syrien \u00e0 venir. La question ne se limite pas au contr\u00f4le de villes ou de ressources, mais concerne l\u2019abolition ou la consolidation d\u2019un mod\u00e8le de gouvernance complet, fa\u00e7onn\u00e9 dans le nord-est du pays au fil des ann\u00e9es de guerre.<\/p>\n<h3 data-start=\"1308\" data-end=\"1361\">De l\u2019\u00e9chec du compromis \u00e0 la rupture des volont\u00e9s<\/h3>\n<p data-start=\"1363\" data-end=\"1890\">L\u2019\u00e9chec de la rencontre entre Mazloum Abdi et Ahmad al-Sharaa n\u2019\u00e9tait pas un simple d\u00e9tail proc\u00e9dural ; il a r\u00e9v\u00e9l\u00e9 le foss\u00e9 profond entre deux projets antagonistes. Damas n\u2019a pas propos\u00e9 un r\u00e8glement politique, mais une formule de soumission totale, commen\u00e7ant par la dissolution des forces et s\u2019achevant par la reconstitution d\u2019une centralisation coercitive. \u00c0 l\u2019inverse, les FDS ont per\u00e7u ces exigences comme une menace existentielle, non seulement pour elles-m\u00eames, mais aussi pour la soci\u00e9t\u00e9 sur laquelle elles s\u2019appuient.<\/p>\n<p data-start=\"1892\" data-end=\"2308\">La proclamation de la mobilisation g\u00e9n\u00e9rale et l\u2019apparition des dirigeants sur le terrain ont marqu\u00e9 un passage clair de la man\u0153uvre politique \u00e0 la logique de l\u2019affrontement ouvert. Avec l\u2019afflux de combattants venus de l\u2019ext\u00e9rieur des fronti\u00e8res, le conflit a pris une dimension r\u00e9gionale, annon\u00e7ant la transformation du nord-est de la Syrie en un champ de r\u00e8glements de comptes d\u00e9passant largement le cadre syrien.<\/p>\n<h3 data-start=\"2310\" data-end=\"2365\">Les prisons : le point de rupture le plus dangereux<\/h3>\n<p data-start=\"2367\" data-end=\"2911\">Le facteur le plus p\u00e9rilleux de ce tableau ne r\u00e9side toutefois pas dans les lignes de front, mais dans l\u2019effritement du syst\u00e8me de d\u00e9tention des membres de l\u2019organisation \u00ab Daech \u00bb. Ces prisons n\u2019ont jamais \u00e9t\u00e9 de simples installations s\u00e9curitaires ; elles constituaient un pilier essentiel pour emp\u00eacher l\u2019organisation de se reconstituer. En \u00e9tant bombard\u00e9es, perturb\u00e9es, et parfois soustraites au contr\u00f4le, elles se sont transform\u00e9es en une v\u00e9ritable porte d\u2019entr\u00e9e pour la r\u00e9injection de combattants aguerris et d\u2019expertises op\u00e9rationnelles.<\/p>\n<p data-start=\"2913\" data-end=\"3425\">Ce qui se d\u00e9roule ici ne peut \u00eatre dissoci\u00e9 de la question du \u00ab b\u00e9n\u00e9ficiaire \u00bb. La lib\u00e9ration d\u2019\u00e9l\u00e9ments de l\u2019organisation, qu\u2019elle r\u00e9sulte de n\u00e9gligence ou de frappes d\u00e9lib\u00e9r\u00e9es, sert la logique du chaos bien plus que tout projet de stabilisation. L\u2019apparition de symboles et de slogans extr\u00e9mistes parmi certains assaillants renforce l\u2019hypoth\u00e8se d\u2019un chevauchement fonctionnel, ou \u00e0 tout le moins d\u2019une tol\u00e9rance id\u00e9ologique, entre des factions affili\u00e9es \u00e0 l\u2019autorit\u00e9 de Damas et des organisations djihadistes.<\/p>\n<h3 data-start=\"3427\" data-end=\"3477\">Daech comme produit du chaos, non comme moteur<\/h3>\n<p data-start=\"3479\" data-end=\"3925\">Dans ce contexte, le retour de \u00ab Daech \u00bb appara\u00eet davantage comme une cons\u00e9quence in\u00e9vitable de la perte de contr\u00f4le que comme l\u2019expression d\u2019une force intrins\u00e8que renouvel\u00e9e. L\u2019organisation exploite les vides s\u00e9curitaires, se nourrit des conflits internes et se red\u00e9ploie le long de lignes de contact n\u00e9glig\u00e9es, notamment \u00e0 la fronti\u00e8re syro-irakienne, o\u00f9 l\u2019occupation des acteurs locaux lui offre une occasion en or de reconstruire ses r\u00e9seaux.<\/p>\n<p data-start=\"3927\" data-end=\"4183\">L\u2019arrestation de cadres lors de tentatives d\u2019infiltration montre que l\u2019organisation ne cherche plus \u00e0 \u00e9tablir un \u00ab \u00e9mirat \u00bb au sens classique, mais plut\u00f4t \u00e0 garantir une libert\u00e9 de mouvement, des espaces poreux et une capacit\u00e9 de nuisance transfrontali\u00e8re.<\/p>\n<h3 data-start=\"4185\" data-end=\"4257\">Col\u00e8re kurde et \u00e9rosion de la confiance envers l\u2019alli\u00e9 international<\/h3>\n<p data-start=\"4259\" data-end=\"4775\">Sur les plans social et politique, la mobilisation kurde en Syrie et dans la diaspora r\u00e9v\u00e8le une profonde crise de confiance \u00e0 l\u2019\u00e9gard des puissances internationales, au premier rang desquelles les \u00c9tats-Unis. Les manifestations dans la r\u00e9gion et \u00e0 l\u2019\u00e9tranger ne sont pas de simples \u00e9lans de solidarit\u00e9 ; elles constituent un message politique clair : l\u2019abandon des partenaires locaux ne menace pas seulement ces derniers, mais porte atteinte \u00e0 la cr\u00e9dibilit\u00e9 de toute strat\u00e9gie internationale future dans la r\u00e9gion.<\/p>\n<h3 data-start=\"4777\" data-end=\"4831\">Interventions crois\u00e9es et messages contradictoires<\/h3>\n<p data-start=\"4833\" data-end=\"5227\">Les interventions turques et les frappes a\u00e9riennes se heurtent \u00e0 une h\u00e9sitation internationale et \u00e0 une ambigu\u00eft\u00e9 am\u00e9ricaine, perceptibles \u00e0 travers des contacts politiques non accompagn\u00e9s de garanties concr\u00e8tes sur le terrain. Cette contradiction entre discours et r\u00e9alit\u00e9 renforce le sentiment que la r\u00e9gion est g\u00e9r\u00e9e selon une logique d\u2019endiguement temporaire plut\u00f4t que de solution durable.<\/p>\n<h3 data-start=\"5229\" data-end=\"5264\">Un carrefour sans horizon clair<\/h3>\n<p data-start=\"5266\" data-end=\"5696\">Le nord-est de la Syrie se trouve aujourd\u2019hui \u00e0 un moment critique : un conflit ouvert sans perspective politique, des dispositifs s\u00e9curitaires en d\u00e9liquescence et une organisation extr\u00e9miste qui se r\u00e9infiltre par les fissures du chaos. Le v\u00e9ritable danger ne r\u00e9side pas tant dans le retour de \u00ab Daech \u00bb en lui-m\u00eame que dans l\u2019environnement qui rend ce retour possible et qui en fait \u00e0 nouveau un instrument de pression r\u00e9gionale.<\/p>\n<p data-start=\"5698\" data-end=\"6031\" data-is-last-node=\"\" data-is-only-node=\"\">Sans une approche politique globale reconnaissant la pluralit\u00e9 et red\u00e9finissant la relation entre le centre et les p\u00e9riph\u00e9ries, ce qui est aujourd\u2019hui g\u00e9r\u00e9 comme une lutte d\u2019influence pourrait demain se transformer en une explosion r\u00e9gionale d\u00e9passant la g\u00e9ographie syrienne et replongeant l\u2019ensemble de la r\u00e9gion au point de d\u00e9part.<\/p>\n<\/div>\n<\/div>\n<\/div>\n<\/div>\n<div class=\"z-0 flex min-h-[46px] justify-start\"><\/div>\n<\/div>\n<\/div>\n<\/article>\n","protected":false},"excerpt":{"rendered":"<p>Les d\u00e9veloppements rapides dans le nord-est de la Syrie ne constituent plus une simple escalade s\u00e9curitaire passag\u00e8re ; ils traduisent d\u00e9sormais une transformation structurelle de l\u2019\u00e9quation du contr\u00f4le et de l\u2019influence, dans un contexte r\u00e9gional et international marqu\u00e9 par l\u2019absence de r\u00e9gulation et le recul des priorit\u00e9s. Depuis la fin de l\u2019ann\u00e9e 2024, et avec [&hellip;]<\/p>\n","protected":false},"author":1,"featured_media":512,"comment_status":"closed","ping_status":"closed","sticky":false,"template":"","format":"standard","meta":{"footnotes":""},"categories":[38],"tags":[],"class_list":{"0":"post-511","1":"post","2":"type-post","3":"status-publish","4":"format-standard","5":"has-post-thumbnail","7":"category-articles-et-opinions"},"_links":{"self":[{"href":"https:\/\/tawhidarabi.org\/fr\/wp-json\/wp\/v2\/posts\/511","targetHints":{"allow":["GET"]}}],"collection":[{"href":"https:\/\/tawhidarabi.org\/fr\/wp-json\/wp\/v2\/posts"}],"about":[{"href":"https:\/\/tawhidarabi.org\/fr\/wp-json\/wp\/v2\/types\/post"}],"author":[{"embeddable":true,"href":"https:\/\/tawhidarabi.org\/fr\/wp-json\/wp\/v2\/users\/1"}],"replies":[{"embeddable":true,"href":"https:\/\/tawhidarabi.org\/fr\/wp-json\/wp\/v2\/comments?post=511"}],"version-history":[{"count":1,"href":"https:\/\/tawhidarabi.org\/fr\/wp-json\/wp\/v2\/posts\/511\/revisions"}],"predecessor-version":[{"id":513,"href":"https:\/\/tawhidarabi.org\/fr\/wp-json\/wp\/v2\/posts\/511\/revisions\/513"}],"wp:featuredmedia":[{"embeddable":true,"href":"https:\/\/tawhidarabi.org\/fr\/wp-json\/wp\/v2\/media\/512"}],"wp:attachment":[{"href":"https:\/\/tawhidarabi.org\/fr\/wp-json\/wp\/v2\/media?parent=511"}],"wp:term":[{"taxonomy":"category","embeddable":true,"href":"https:\/\/tawhidarabi.org\/fr\/wp-json\/wp\/v2\/categories?post=511"},{"taxonomy":"post_tag","embeddable":true,"href":"https:\/\/tawhidarabi.org\/fr\/wp-json\/wp\/v2\/tags?post=511"}],"curies":[{"name":"wp","href":"https:\/\/api.w.org\/{rel}","templated":true}]}}