{"id":494,"date":"2026-01-20T12:18:13","date_gmt":"2026-01-20T09:18:13","guid":{"rendered":"https:\/\/tawhidarabi.org\/archives\/494"},"modified":"2026-01-20T12:33:10","modified_gmt":"2026-01-20T09:33:10","slug":"%d9%84%d8%a8%d9%86%d8%a7%d9%86-%d9%88%d8%b7%d9%86%d9%8c-%d9%85%d8%b9%d9%84%d9%91%d9%82-%d8%a8%d9%8a%d9%86-%d8%a7%d9%84%d9%86%d8%a7%d8%b1-%d9%88%d8%a7%d9%84%d8%ae%d8%a8%d8%b2-%d9%88%d8%a7%d9%84%d8%b3","status":"publish","type":"post","link":"https:\/\/tawhidarabi.org\/fr\/archives\/494","title":{"rendered":"Le Liban une nation suspendue entre le feu, le pain et la politique"},"content":{"rendered":"<article class=\"text-token-text-primary w-full focus:outline-none [--shadow-height:45px] has-data-writing-block:pointer-events-none has-data-writing-block:-mt-(--shadow-height) has-data-writing-block:pt-(--shadow-height) [&amp;:has([data-writing-block])&gt;*]:pointer-events-auto scroll-mt-[calc(var(--header-height)+min(200px,max(70px,20svh)))]\" dir=\"auto\" tabindex=\"-1\" data-turn-id=\"request-WEB:44f7fdaf-d51d-45bb-9416-cd87da75f11d-3\" data-testid=\"conversation-turn-8\" data-scroll-anchor=\"false\" data-turn=\"assistant\">\n<div class=\"text-base my-auto mx-auto [--thread-content-margin:--spacing(4)] @w-sm\/main:[--thread-content-margin:--spacing(6)] @w-lg\/main:[--thread-content-margin:--spacing(16)] px-(--thread-content-margin)\">\n<div class=\"[--thread-content-max-width:40rem] @w-lg\/main:[--thread-content-max-width:48rem] mx-auto max-w-(--thread-content-max-width) flex-1 group\/turn-messages focus-visible:outline-hidden relative flex w-full min-w-0 flex-col agent-turn\" tabindex=\"-1\">\n<div class=\"flex max-w-full flex-col grow\">\n<div class=\"min-h-8 text-message relative flex w-full flex-col items-end gap-2 text-start break-words whitespace-normal [.text-message+&amp;]:mt-1\" dir=\"auto\" data-message-author-role=\"assistant\" data-message-id=\"dfd02e3f-3372-445b-aa61-70da228ae664\" data-message-model-slug=\"gpt-5-2\">\n<div class=\"flex w-full flex-col gap-1 empty:hidden first:pt-[1px]\">\n<div class=\"markdown prose dark:prose-invert w-full break-words light markdown-new-styling\">\n<p data-start=\"94\" data-end=\"422\">le Liban s\u2019est une nouvelle fois r\u00e9veill\u00e9 sur une r\u00e9alit\u00e9 qu\u2019il conna\u00eet trop bien : des tensions s\u00e9curitaires, des difficult\u00e9s \u00e9conomiques et une vie politique enferm\u00e9e dans un cercle vicieux. Dans ce pays, le temps ne semble pas avancer ; il se r\u00e9p\u00e8te, avec de nouveaux visages et des crises plus profondes.<\/p>\n<p data-start=\"424\" data-end=\"982\">\u00c0 la fronti\u00e8re sud, la situation est revenue au premier plan avec des incursions isra\u00e9liennes et la destruction de maisons dans des localit\u00e9s frontali\u00e8res, en violation manifeste des r\u00e8gles d\u2019engagement en vigueur depuis des ann\u00e9es. Ces d\u00e9veloppements ont raviv\u00e9 la crainte d\u2019une escalade et rappel\u00e9 aux Libanais que le Sud demeure une ligne de front ouverte, o\u00f9 la stabilit\u00e9 est fragile et peut vaciller \u00e0 la moindre \u00e9tincelle. Comme souvent, l\u2019\u00c9tat observe et condamne, tandis que l\u2019inqui\u00e9tude populaire d\u00e9passe tout discours officiel se voulant rassurant.<\/p>\n<p data-start=\"984\" data-end=\"1535\">\u00c0 l\u2019int\u00e9rieur du pays, le tableau n\u2019est gu\u00e8re plus cl\u00e9ment. De r\u00e9cents rapports internationaux confirment que l\u2019ins\u00e9curit\u00e9 alimentaire continue de toucher une large partie de la population, avec un nombre croissant de familles incapables de satisfaire leurs besoins essentiels. Le pain n\u2019est plus un d\u00e9tail du quotidien, mais une bataille silencieuse men\u00e9e au sein des foyers. La crise \u00e9conomique, malgr\u00e9 toutes les promesses, n\u2019est pas entr\u00e9e dans une phase de redressement ; le pays se contente de \u00ab g\u00e9rer l\u2019effondrement \u00bb plut\u00f4t que de le r\u00e9soudre.<\/p>\n<p data-start=\"1537\" data-end=\"2030\">Sur le plan politique, des tentatives ont \u00e9merg\u00e9 pour r\u00e9activer les canaux de communication entre Beyrouth et Damas, notamment autour de dossiers s\u00e9curitaires sensibles. Si certains y voient une d\u00e9marche pragmatique, elle ouvre un large d\u00e9bat sur la souverainet\u00e9, les fronti\u00e8res et le r\u00f4le du Liban dans la r\u00e9gion. Parall\u00e8lement, les analyses internationales continuent de lier la situation libanaise aux mutations r\u00e9gionales plus larges, en particulier celles concernant l\u2019Iran et ses alli\u00e9s.<\/p>\n<p data-start=\"2032\" data-end=\"2329\" data-is-last-node=\"\" data-is-only-node=\"\">En conclusion, le 20 janvier 2026 n\u2019avait rien d\u2019exceptionnel en soi. Il constituait plut\u00f4t un fid\u00e8le reflet de l\u2019\u00e9tat du Liban : un pays perp\u00e9tuellement au bord des possibles, oscillant entre l\u2019explosion et la r\u00e9silience, et vivant dans l\u2019espoir que demain offrira ce qu\u2019hier n\u2019a pas su apporter.<\/p>\n<\/div>\n<\/div>\n<\/div>\n<\/div>\n<div class=\"z-0 flex min-h-[46px] justify-start\"><\/div>\n<\/div>\n<\/div>\n<\/article>\n","protected":false},"excerpt":{"rendered":"<p>le Liban s\u2019est une nouvelle fois r\u00e9veill\u00e9 sur une r\u00e9alit\u00e9 qu\u2019il conna\u00eet trop bien : des tensions s\u00e9curitaires, des difficult\u00e9s \u00e9conomiques et une vie politique enferm\u00e9e dans un cercle vicieux. Dans ce pays, le temps ne semble pas avancer ; il se r\u00e9p\u00e8te, avec de nouveaux visages et des crises plus profondes. \u00c0 la fronti\u00e8re [&hellip;]<\/p>\n","protected":false},"author":1,"featured_media":495,"comment_status":"closed","ping_status":"closed","sticky":false,"template":"","format":"standard","meta":{"footnotes":""},"categories":[42],"tags":[],"class_list":{"0":"post-494","1":"post","2":"type-post","3":"status-publish","4":"format-standard","5":"has-post-thumbnail","7":"category-actualites-et-mises-a-jour"},"_links":{"self":[{"href":"https:\/\/tawhidarabi.org\/fr\/wp-json\/wp\/v2\/posts\/494","targetHints":{"allow":["GET"]}}],"collection":[{"href":"https:\/\/tawhidarabi.org\/fr\/wp-json\/wp\/v2\/posts"}],"about":[{"href":"https:\/\/tawhidarabi.org\/fr\/wp-json\/wp\/v2\/types\/post"}],"author":[{"embeddable":true,"href":"https:\/\/tawhidarabi.org\/fr\/wp-json\/wp\/v2\/users\/1"}],"replies":[{"embeddable":true,"href":"https:\/\/tawhidarabi.org\/fr\/wp-json\/wp\/v2\/comments?post=494"}],"version-history":[{"count":2,"href":"https:\/\/tawhidarabi.org\/fr\/wp-json\/wp\/v2\/posts\/494\/revisions"}],"predecessor-version":[{"id":497,"href":"https:\/\/tawhidarabi.org\/fr\/wp-json\/wp\/v2\/posts\/494\/revisions\/497"}],"wp:featuredmedia":[{"embeddable":true,"href":"https:\/\/tawhidarabi.org\/fr\/wp-json\/wp\/v2\/media\/495"}],"wp:attachment":[{"href":"https:\/\/tawhidarabi.org\/fr\/wp-json\/wp\/v2\/media?parent=494"}],"wp:term":[{"taxonomy":"category","embeddable":true,"href":"https:\/\/tawhidarabi.org\/fr\/wp-json\/wp\/v2\/categories?post=494"},{"taxonomy":"post_tag","embeddable":true,"href":"https:\/\/tawhidarabi.org\/fr\/wp-json\/wp\/v2\/tags?post=494"}],"curies":[{"name":"wp","href":"https:\/\/api.w.org\/{rel}","templated":true}]}}