{"id":415,"date":"2025-10-28T15:22:31","date_gmt":"2025-10-28T12:22:31","guid":{"rendered":"https:\/\/tawhidarabi.org\/archives\/415"},"modified":"2026-01-16T13:32:50","modified_gmt":"2026-01-16T10:32:50","slug":"%d9%88%d8%a6%d8%a7%d9%85-%d9%88%d9%87%d8%a7%d8%a8-%d8%b3%d8%a3%d8%b2%d9%88%d8%b1-%d8%b3%d9%88%d8%b1%d9%8a%d8%a7%d8%8c-%d9%88%d8%a3%d8%ad%d8%b0%d9%91%d8%b1-%d9%85%d9%86-%d9%81%d8%aa%d9%86%d8%a9-%d8%b3","status":"publish","type":"post","link":"https:\/\/tawhidarabi.org\/fr\/archives\/415","title":{"rendered":"Wiam Wahhab : \u00ab Je visiterai la Syrie \u00bb ; mise en garde contre une s\u00e9dition inter-sunnite et des projets de \u00ab statut sp\u00e9cial \u00bb pour la C\u00f4te et Soue\u00efda"},"content":{"rendered":"<p data-path-to-node=\"1\">\n<p data-path-to-node=\"3\">Lors d&rsquo;un entretien sur la plateforme \u00ab Lebanon On \u00bb, le pr\u00e9sident du Parti de l&rsquo;Unification Arabe et ancien ministre, Wiam Wahhab, a mis en garde contre un possible glissement de la Syrie vers une <b data-path-to-node=\"3\" data-index-in-node=\"198\">\u00ab s\u00e9dition inter-sunnite \u00bb<\/b>. Il a soulign\u00e9 que les \u00e9v\u00e9nements de Soue\u00efda ont radicalement chang\u00e9 la donne, affirmant qu&rsquo;\u00ab on ne peut plus parler de l&rsquo;apr\u00e8s-Soue\u00efda comme on parlait de l&rsquo;avant \u00bb, compte tenu de la faiblesse du pouvoir central, de la multiplicit\u00e9 des factions et des risques d&rsquo;escalade.<\/p>\n<p data-path-to-node=\"4\">\n<p><iframe loading=\"lazy\" title=\"\u0648\u0626\u0627\u0645 \u0648\u0647\u0627\u0628 \u0631\u0627\u064a\u062d \u0639\u0644\u0649 \u0633\u0648\u0631\u064a\u0627 \u0648\u064a\u0643\u0634\u0641 \u0627\u0633\u0645\u0627\u0621 \u0644\u062f\u0648\u0631 \u0643\u0628\u064a\u0631:\u0645\u0630\u0628\u062d\u0629 \u0633\u0646\u064a\u0629 \u0633\u0646\u064a\u0629 \u0648\u0648\u0636\u0639 \u062e\u0627\u0635 \u0628\u0627\u0644\u0633\u0627\u062d\u0644 \u0648\u0627\u0644\u0633\u0648\u064a\u062f\u0627\u0621 \u0644\u0646 \u062a\u062a\u0631\u0627\u062c\u0639\" width=\"696\" height=\"392\" src=\"https:\/\/www.youtube.com\/embed\/txbLoxnpBhY?feature=oembed\" frameborder=\"0\" allow=\"accelerometer; autoplay; clipboard-write; encrypted-media; gyroscope; picture-in-picture; web-share\" referrerpolicy=\"strict-origin-when-cross-origin\" allowfullscreen><\/iframe><\/p>\n<p>&nbsp;<\/p>\n<p data-path-to-node=\"4\">Abordant les r\u00e9percussions de la crise syrienne sur le Liban et la r\u00e9gion, Wahhab a martele que <b data-path-to-node=\"4\" data-index-in-node=\"96\">\u00ab personne dans la r\u00e9gion n&rsquo;est pr\u00eat \u00e0 rendre ses armes, qu&rsquo;il soit petit ou grand \u00bb<\/b>. Il a estim\u00e9 que la peur existentielle g\u00e9n\u00e9r\u00e9e par les \u00e9v\u00e9nements pousse chacun \u00e0 s&rsquo;armer davantage, appelant \u00e0 une approche r\u00e9aliste de cette phase, fond\u00e9e sur l&rsquo;apaisement des tensions internes, l&rsquo;acc\u00e9l\u00e9ration de la reconstruction et le refus de provoquer toute composante libanaise.<\/p>\n<h3 data-path-to-node=\"6\"><b data-path-to-node=\"6\" data-index-in-node=\"0\">Syrie : \u00ab S\u00e9dition inter-sunnite \u00bb et l&rsquo;\u00e8re de l&rsquo;apr\u00e8s-Soue\u00efda<\/b><\/h3>\n<p data-path-to-node=\"7\">Wahhab a d\u00e9clar\u00e9 qu&rsquo;il n&rsquo;excluait pas un <b data-path-to-node=\"7\" data-index-in-node=\"41\">\u00ab massacre inter-sunnite \u00bb<\/b> en Syrie, r\u00e9sultant d&rsquo;affrontements potentiels au sein des zones sunnites entre le pr\u00e9sident Ahmed al-Sharaa et diverses autres parties. Il a soulign\u00e9 que les craintes se sont accentu\u00e9es apr\u00e8s les \u00e9v\u00e9nements de Soue\u00efda, ajoutant : \u00ab Vous ne pouvez plus me parler apr\u00e8s Soue\u00efda comme je parlais avant Soue\u00efda. \u00bb<\/p>\n<p data-path-to-node=\"8\">Il a estim\u00e9 que le probl\u00e8me le plus grave est le passage \u00e0 des agressions <b data-path-to-node=\"8\" data-index-in-node=\"74\">\u00ab bas\u00e9es sur l&rsquo;appartenance religieuse et non politique \u00bb<\/b>, ce qui rend la crise plus profonde et plus dangereuse pour l&rsquo;unit\u00e9 de la Syrie et de son voisinage.<\/p>\n<h3 data-path-to-node=\"9\"><b data-path-to-node=\"9\" data-index-in-node=\"0\">\u00ab Statut sp\u00e9cial \u00bb pour Soue\u00efda et potentiel conseil militaire sur la C\u00f4te<\/b><\/h3>\n<p data-path-to-node=\"10\">Wahhab a \u00e9voqu\u00e9 une trajectoire menant vers des arrangements particuliers \u00e0 Soue\u00efda. Il a affirm\u00e9 que Soue\u00efda <b data-path-to-node=\"10\" data-index-in-node=\"110\">\u00ab ne reculera pas \u00bb<\/b>, tout en pr\u00e9cisant que cela ne signifie pas n\u00e9cessairement une s\u00e9cession, mais plut\u00f4t un <b data-path-to-node=\"10\" data-index-in-node=\"219\">\u00ab statut sp\u00e9cial \u00bb<\/b>.<\/p>\n<p data-path-to-node=\"11\">Il a \u00e9galement indiqu\u00e9 avoir \u00ab appris \u00bb l&rsquo;existence de <b data-path-to-node=\"11\" data-index-in-node=\"55\">\u00ab grandes puissances encourageant la cr\u00e9ation d&rsquo;un conseil militaire \u00bb<\/b> sur la c\u00f4te syrienne. Selon lui, l&rsquo;annonce d&rsquo;un tel conseil pourrait \u00eatre le pr\u00e9lude \u00e0 un \u00ab statut sp\u00e9cial \u00bb pour la c\u00f4te, soulignant que ce processus \u00ab commence \u00e0 m\u00fbrir \u00bb.<\/p>\n<h3 data-path-to-node=\"13\"><b data-path-to-node=\"13\" data-index-in-node=\"0\">Visite en Syrie et noms \u00ab s\u00e9rieux \u00bb pour l&rsquo;unit\u00e9 du pays<\/b><\/h3>\n<p data-path-to-node=\"14\">Concernant ses allusions \u00e0 une visite en Syrie, Wahhab a pr\u00e9cis\u00e9 qu&rsquo;il ne fixait pas de dates pr\u00e9cises mais a confirm\u00e9 qu&rsquo;il se rendrait dans des <b data-path-to-node=\"14\" data-index-in-node=\"146\">\u00ab r\u00e9gions syriennes \u00bb<\/b> dans un <b data-path-to-node=\"14\" data-index-in-node=\"176\">\u00ab avenir \u00e0 moyen terme \u00bb<\/b>.<\/p>\n<p data-path-to-node=\"15\">Pour pr\u00e9venir le d\u00e9mant\u00e8lement et pr\u00e9server l&rsquo;unit\u00e9 de la Syrie, Wahhab a cit\u00e9 des noms qu&rsquo;il juge \u00ab s\u00e9rieux \u00bb pour engager une discussion, notamment :<\/p>\n<ul data-path-to-node=\"16\">\n<li>\n<p data-path-to-node=\"16,0,0\"><b data-path-to-node=\"16,0,0\" data-index-in-node=\"0\">Ahmad Moaz al-Khatib<\/b><\/p>\n<\/li>\n<li>\n<p data-path-to-node=\"16,1,0\"><b data-path-to-node=\"16,1,0\" data-index-in-node=\"0\">Manaf Tlass<\/b><\/p>\n<\/li>\n<li>\n<p data-path-to-node=\"16,2,0\"><b data-path-to-node=\"16,2,0\" data-index-in-node=\"0\">Ayman Asfari<\/b><\/p>\n<\/li>\n<li>\n<p data-path-to-node=\"16,3,0\"><b data-path-to-node=\"16,3,0\" data-index-in-node=\"0\">Khaled Mahameed<\/b><\/p>\n<\/li>\n<\/ul>\n<p data-path-to-node=\"17\">Il a estim\u00e9 que proposer de telles personnalit\u00e9s \u00ab ouvre la porte au d\u00e9bat \u00bb sans pour autant figer une issue finale.<\/p>\n<h3 data-path-to-node=\"19\"><b data-path-to-node=\"19\" data-index-in-node=\"0\">Volet libanais : Armes, n\u00e9gociations et reconstruction<\/b><\/h3>\n<p data-path-to-node=\"20\">Au sujet du Liban, Wahhab a jug\u00e9 une escalade militaire totale peu probable \u00e0 court terme, malgr\u00e9 la poursuite et l&rsquo;extension possible des frappes quotidiennes. Il est revenu sur les mouvements diplomatiques, notamment l&rsquo;initiative \u00e9gyptienne et les propositions de n\u00e9gociations directes. Il a affirm\u00e9 que l&rsquo;essentiel n&rsquo;est pas l&rsquo;appellation (directe ou non), car les canaux de communication existent d\u00e9j\u00e0, mais le <b data-path-to-node=\"20\" data-index-in-node=\"415\">\u00ab contenu \u00bb<\/b> : garantir les droits du Liban, aboutir \u00e0 un retrait effectif, une d\u00e9marcation claire et lancer le processus de reconstruction.<\/p>\n<p data-path-to-node=\"21\">Enfin, il a insist\u00e9 sur la n\u00e9cessit\u00e9 de r\u00e9duire les provocations internes, avertissant que d\u00e9fier une composante libanaise majeure pourrait plonger le pays dans des tensions dangereuses. Il a appel\u00e9 \u00e0 la rationalit\u00e9, en privil\u00e9giant la reconstruction et l&rsquo;apaisement avant d&rsquo;ouvrir un d\u00e9bat politique serein sur les dossiers litigieux.<\/p>\n","protected":false},"excerpt":{"rendered":"<p>Lors d&rsquo;un entretien sur la plateforme \u00ab Lebanon On \u00bb, le pr\u00e9sident du Parti de l&rsquo;Unification Arabe et ancien ministre, Wiam Wahhab, a mis en garde contre un possible glissement de la Syrie vers une \u00ab s\u00e9dition inter-sunnite \u00bb. Il a soulign\u00e9 que les \u00e9v\u00e9nements de Soue\u00efda ont radicalement chang\u00e9 la donne, affirmant qu&rsquo;\u00ab on [&hellip;]<\/p>\n","protected":false},"author":1,"featured_media":416,"comment_status":"open","ping_status":"open","sticky":false,"template":"","format":"standard","meta":{"footnotes":""},"categories":[30],"tags":[],"class_list":{"0":"post-415","1":"post","2":"type-post","3":"status-publish","4":"format-standard","5":"has-post-thumbnail","7":"category-les-propos-de-wahhab"},"_links":{"self":[{"href":"https:\/\/tawhidarabi.org\/fr\/wp-json\/wp\/v2\/posts\/415","targetHints":{"allow":["GET"]}}],"collection":[{"href":"https:\/\/tawhidarabi.org\/fr\/wp-json\/wp\/v2\/posts"}],"about":[{"href":"https:\/\/tawhidarabi.org\/fr\/wp-json\/wp\/v2\/types\/post"}],"author":[{"embeddable":true,"href":"https:\/\/tawhidarabi.org\/fr\/wp-json\/wp\/v2\/users\/1"}],"replies":[{"embeddable":true,"href":"https:\/\/tawhidarabi.org\/fr\/wp-json\/wp\/v2\/comments?post=415"}],"version-history":[{"count":2,"href":"https:\/\/tawhidarabi.org\/fr\/wp-json\/wp\/v2\/posts\/415\/revisions"}],"predecessor-version":[{"id":418,"href":"https:\/\/tawhidarabi.org\/fr\/wp-json\/wp\/v2\/posts\/415\/revisions\/418"}],"wp:featuredmedia":[{"embeddable":true,"href":"https:\/\/tawhidarabi.org\/fr\/wp-json\/wp\/v2\/media\/416"}],"wp:attachment":[{"href":"https:\/\/tawhidarabi.org\/fr\/wp-json\/wp\/v2\/media?parent=415"}],"wp:term":[{"taxonomy":"category","embeddable":true,"href":"https:\/\/tawhidarabi.org\/fr\/wp-json\/wp\/v2\/categories?post=415"},{"taxonomy":"post_tag","embeddable":true,"href":"https:\/\/tawhidarabi.org\/fr\/wp-json\/wp\/v2\/tags?post=415"}],"curies":[{"name":"wp","href":"https:\/\/api.w.org\/{rel}","templated":true}]}}