{"id":290,"date":"2026-01-12T15:00:30","date_gmt":"2026-01-12T12:00:30","guid":{"rendered":"https:\/\/tawhidarabi.org\/archives\/290"},"modified":"2026-01-13T19:09:39","modified_gmt":"2026-01-13T16:09:39","slug":"%d9%88%d8%a6%d8%a7%d9%85-%d9%88%d9%87%d9%91%d8%a7%d8%a8-%d8%ad%d8%b1%d8%a8-%d8%b9%d9%84%d9%89-%d8%a5%d9%8a%d8%b1%d8%a7%d9%86%d8%8c-%d8%aa%d8%ad%d9%8a%d9%8a%d8%af-%d9%84%d8%a8%d9%86%d8%a7%d9%86-%d9%88","status":"publish","type":"post","link":"https:\/\/tawhidarabi.org\/fr\/archives\/290","title":{"rendered":"Wiam Wahhab : guerre contre l\u2019Iran, neutralisation du Liban et le Hezbollah ne m\u00e8nera pas de guerre de soutien"},"content":{"rendered":"<p data-start=\"179\" data-end=\"553\">\n<p data-start=\"116\" data-end=\"684\">Dans un entretien accord\u00e9 \u00e0 l\u2019\u00e9mission <em data-start=\"155\" data-end=\"167\">Avec Clara<\/em> sur la plateforme <em data-start=\"186\" data-end=\"200\">Siyassa Plus<\/em>, anim\u00e9e par la journaliste Clara Jahha, le pr\u00e9sident du Parti de l\u2019Unit\u00e9 arabe et ancien ministre, Wiam Wahhab, a livr\u00e9 une lecture politique dense, marqu\u00e9e par des positions tranch\u00e9es. Cet entretien co\u00efncidait avec le premier anniversaire du mandat du pr\u00e9sident Joseph Aoun, dans un contexte de poursuite de l\u2019escalade isra\u00e9lienne au Sud et dans la B\u00e9kaa, d\u2019attente de mouvements diplomatiques arabes et occidentaux dans les prochains jours, et de mont\u00e9e des manifestations en Iran.<\/p>\n<div class=\"youtube-embed\" data-video_id=\"cSqB3h1QX6s\"><iframe loading=\"lazy\" title=\"\u0648\u0626\u0627\u0645 \u0648\u0647\u0651\u0627\u0628 \u064a\u0635\u062f\u0645 \u0627\u0644\u062c\u0645\u064a\u0639: \u0639\u0647\u062f  \u0639\u0648\u0646 \u0647\u0648 \u0639\u0647\u062f \u0627\u0644\u0625\u062a\u0641\u0627\u0642 \u0645\u0639 \u0625\u0633\u0631\u0627\u0626\u064a\u0644 \u062d\u0632\u0628 \u0627\u0644\u0644\u0647 \u0644\u0646 \u064a\u062f\u0639\u0645 \u0625\u064a\u0631\u0627\u0646 \u0648\u062d\u062f\u062b \u0641\u064a \u0627\u0644\u0633\u0648\u064a\u062f\u0627\u0621\" width=\"696\" height=\"392\" src=\"https:\/\/www.youtube.com\/embed\/cSqB3h1QX6s?feature=oembed&#038;enablejsapi=1\" frameborder=\"0\" allow=\"accelerometer; autoplay; clipboard-write; encrypted-media; gyroscope; picture-in-picture; web-share\" referrerpolicy=\"strict-origin-when-cross-origin\" allowfullscreen><\/iframe><\/div>\n<p data-start=\"555\" data-end=\"850\">\n<p data-start=\"852\" data-end=\"1338\">\n<article class=\"text-token-text-primary w-full focus:outline-none [--shadow-height:45px] has-data-writing-block:pointer-events-none has-data-writing-block:-mt-(--shadow-height) has-data-writing-block:pt-(--shadow-height) [&amp;:has([data-writing-block])&gt;*]:pointer-events-auto scroll-mt-[calc(var(--header-height)+min(200px,max(70px,20svh)))]\" dir=\"auto\" tabindex=\"-1\" data-turn-id=\"request-WEB:ba880ab1-8f76-4c42-b4d5-87ad2967a8dd-4\" data-testid=\"conversation-turn-10\" data-scroll-anchor=\"false\" data-turn=\"assistant\">\n<div class=\"text-base my-auto mx-auto [--thread-content-margin:--spacing(4)] @w-sm\/main:[--thread-content-margin:--spacing(6)] @w-lg\/main:[--thread-content-margin:--spacing(16)] px-(--thread-content-margin)\">\n<div class=\"[--thread-content-max-width:40rem] @w-lg\/main:[--thread-content-max-width:48rem] mx-auto max-w-(--thread-content-max-width) flex-1 group\/turn-messages focus-visible:outline-hidden relative flex w-full min-w-0 flex-col agent-turn\" tabindex=\"-1\">\n<div class=\"flex max-w-full flex-col grow\">\n<div class=\"min-h-8 text-message relative flex w-full flex-col items-end gap-2 text-start break-words whitespace-normal [.text-message+&amp;]:mt-1\" dir=\"auto\" data-message-author-role=\"assistant\" data-message-id=\"1a47cb4a-b539-49d3-a2be-7eea3172c339\" data-message-model-slug=\"gpt-5-2\">\n<div class=\"flex w-full flex-col gap-1 empty:hidden first:pt-[1px]\">\n<div class=\"markdown prose dark:prose-invert w-full break-words light markdown-new-styling\">\n<p data-start=\"686\" data-end=\"1191\">Wahhab a estim\u00e9 que la r\u00e9gion se dirige vers un \u00ab s\u00e9isme de partition \u00bb de grande ampleur, consid\u00e9rant que la d\u00e9cision am\u00e9ricaine s\u2019oriente vers une guerre contre l\u2019Iran \u2014 non pas n\u00e9cessairement pour renverser le r\u00e9gime, mais pour modifier l\u2019approche iranienne vers un mod\u00e8le plus pragmatique et davantage tourn\u00e9 vers l\u2019int\u00e9rieur. Il a mis en garde contre le fait que la chute de l\u2019Iran, si elle devait se produire, plongerait la r\u00e9gion dans un chaos s\u2019\u00e9tendant au Golfe, \u00e0 la Turquie et au Machrek arabe.<\/p>\n<p data-start=\"1193\" data-end=\"1972\">Sur le plan libanais, Wahhab a consid\u00e9r\u00e9 que le pr\u00e9sident Joseph Aoun est le pr\u00e9sident de tous les Libanais et qu\u2019il ne peut entrer en confrontation avec une large frange de la sc\u00e8ne int\u00e9rieure. Il a indiqu\u00e9 que l\u2019objectif de la phase actuelle est de neutraliser le Liban face \u00e0 toute confrontation r\u00e9gionale \u00e9ventuelle. Dans une position qui a suscit\u00e9 une large attention, Wahhab a d\u00e9clar\u00e9 qu\u2019il pressent que le Hezbollah a pris la d\u00e9cision de ne pas faire partie d\u2019une guerre contre l\u2019Iran, affirmant qu\u2019il n\u2019y a ni crainte d\u2019une intervention ni \u00ab guerre de soutien \u00bb \u00e0 l\u2019Iran. Il a ajout\u00e9 que cette orientation peut servir de base pour \u00e9pargner la guerre au Liban, dans le cadre d\u2019un dialogue continu entre l\u2019\u00c9tat et le parti, parall\u00e8lement \u00e0 des contacts avec les Am\u00e9ricains.<\/p>\n<p data-start=\"1974\" data-end=\"2634\">Wahhab a \u00e9galement abord\u00e9 le dossier du monopole des armes, estimant que Washington court contre la montre pour passer \u00e0 la deuxi\u00e8me phase du processus et le clore rapidement. Il a reli\u00e9 la sc\u00e8ne libanaise aux dynamiques r\u00e9gionales, en particulier l\u2019Arabie saoudite et la Syrie, ainsi qu\u2019au dossier des accords d\u2019Abraham et de la normalisation, pour conclure que le mandat de Joseph Aoun pourrait \u00eatre celui d\u2019un accord, voire d\u2019une paix avec Isra\u00ebl. Il a justifi\u00e9 cette analyse en affirmant que les Palestiniens, selon son expression, n\u00e9gocient seuls pour leurs propres int\u00e9r\u00eats, et que le fait de lier le Liban au conflit n\u2019est plus acceptable pour beaucoup.<\/p>\n<p data-start=\"2636\" data-end=\"3099\" data-is-last-node=\"\" data-is-only-node=\"\">Dans le contexte des d\u00e9veloppements en Syrie, Wahhab s\u2019est arr\u00eat\u00e9 sur ce qui se d\u00e9roule \u00e0 Soue\u00efda et dans le sud syrien, \u00e9voquant \u00ab quelque chose de grand \u00bb susceptible de se produire \u00e0 tous les niveaux. Il a r\u00e9affirm\u00e9 son attachement au soutien des Druzes, tout en proclamant une position ferme : \u00ab Je suis avec la pr\u00e9sidence de la R\u00e9publique et l\u2019arm\u00e9e, qu\u2019elles aient raison ou tort \u00bb, les consid\u00e9rant, selon ses mots, comme des constantes de l\u2019unit\u00e9 du Liban.<\/p>\n<\/div>\n<\/div>\n<\/div>\n<\/div>\n<\/div>\n<\/div>\n<\/article>\n<article class=\"text-token-text-primary w-full focus:outline-none [--shadow-height:45px] has-data-writing-block:pointer-events-none has-data-writing-block:-mt-(--shadow-height) has-data-writing-block:pt-(--shadow-height) [&amp;:has([data-writing-block])&gt;*]:pointer-events-auto scroll-mt-(--header-height)\" dir=\"auto\" tabindex=\"-1\" data-turn-id=\"57f56bcc-afaf-49c3-809f-00acd12219a4\" data-testid=\"conversation-turn-11\" data-scroll-anchor=\"false\" data-turn=\"user\"><\/article>\n","protected":false},"excerpt":{"rendered":"<p>Dans un entretien accord\u00e9 \u00e0 l\u2019\u00e9mission Avec Clara sur la plateforme Siyassa Plus, anim\u00e9e par la journaliste Clara Jahha, le pr\u00e9sident du Parti de l\u2019Unit\u00e9 arabe et ancien ministre, Wiam Wahhab, a livr\u00e9 une lecture politique dense, marqu\u00e9e par des positions tranch\u00e9es. Cet entretien co\u00efncidait avec le premier anniversaire du mandat du pr\u00e9sident Joseph Aoun, [&hellip;]<\/p>\n","protected":false},"author":1,"featured_media":291,"comment_status":"open","ping_status":"open","sticky":false,"template":"","format":"standard","meta":{"footnotes":""},"categories":[30],"tags":[],"class_list":{"0":"post-290","1":"post","2":"type-post","3":"status-publish","4":"format-standard","5":"has-post-thumbnail","7":"category-les-propos-de-wahhab"},"_links":{"self":[{"href":"https:\/\/tawhidarabi.org\/fr\/wp-json\/wp\/v2\/posts\/290","targetHints":{"allow":["GET"]}}],"collection":[{"href":"https:\/\/tawhidarabi.org\/fr\/wp-json\/wp\/v2\/posts"}],"about":[{"href":"https:\/\/tawhidarabi.org\/fr\/wp-json\/wp\/v2\/types\/post"}],"author":[{"embeddable":true,"href":"https:\/\/tawhidarabi.org\/fr\/wp-json\/wp\/v2\/users\/1"}],"replies":[{"embeddable":true,"href":"https:\/\/tawhidarabi.org\/fr\/wp-json\/wp\/v2\/comments?post=290"}],"version-history":[{"count":2,"href":"https:\/\/tawhidarabi.org\/fr\/wp-json\/wp\/v2\/posts\/290\/revisions"}],"predecessor-version":[{"id":293,"href":"https:\/\/tawhidarabi.org\/fr\/wp-json\/wp\/v2\/posts\/290\/revisions\/293"}],"wp:featuredmedia":[{"embeddable":true,"href":"https:\/\/tawhidarabi.org\/fr\/wp-json\/wp\/v2\/media\/291"}],"wp:attachment":[{"href":"https:\/\/tawhidarabi.org\/fr\/wp-json\/wp\/v2\/media?parent=290"}],"wp:term":[{"taxonomy":"category","embeddable":true,"href":"https:\/\/tawhidarabi.org\/fr\/wp-json\/wp\/v2\/categories?post=290"},{"taxonomy":"post_tag","embeddable":true,"href":"https:\/\/tawhidarabi.org\/fr\/wp-json\/wp\/v2\/tags?post=290"}],"curies":[{"name":"wp","href":"https:\/\/api.w.org\/{rel}","templated":true}]}}